{"id":491,"date":"2023-06-02T18:01:07","date_gmt":"2023-06-02T16:01:07","guid":{"rendered":"https:\/\/searchwf.web.amu.edu.pl\/?p=491"},"modified":"2023-06-06T16:25:42","modified_gmt":"2023-06-06T14:25:42","slug":"femto-sekundowy-spektrometr-absorpcyjny-w-zakresie-uv-vis-nir-mid-ir","status":"publish","type":"post","link":"https:\/\/searchwf.web.amu.edu.pl\/?p=491","title":{"rendered":"Femto-sekundowy spektrometr absorpcyjny w zakresie UV-Vis-NIR-mid-IR"},"content":{"rendered":"\t\t<div data-elementor-type=\"wp-post\" data-elementor-id=\"491\" class=\"elementor elementor-491\" data-elementor-post-type=\"post\">\n\t\t\t\t\t\t\t\t\t<section class=\"elementor-section elementor-top-section elementor-element elementor-element-480a52b2 elementor-section-boxed elementor-section-height-default elementor-section-height-default\" data-id=\"480a52b2\" data-element_type=\"section\">\n\t\t\t\t\t\t<div class=\"elementor-container elementor-column-gap-default\">\n\t\t\t\t\t<div class=\"elementor-column elementor-col-100 elementor-top-column elementor-element elementor-element-76625c53\" data-id=\"76625c53\" data-element_type=\"column\">\n\t\t\t<div class=\"elementor-widget-wrap elementor-element-populated\">\n\t\t\t\t\t\t\t\t<div class=\"elementor-element elementor-element-710a65eb elementor-widget elementor-widget-heading\" data-id=\"710a65eb\" data-element_type=\"widget\" data-widget_type=\"heading.default\">\n\t\t\t\t<div class=\"elementor-widget-container\">\n\t\t\t<style>\/*! elementor - v3.16.0 - 20-09-2023 *\/\n.elementor-heading-title{padding:0;margin:0;line-height:1}.elementor-widget-heading .elementor-heading-title[class*=elementor-size-]>a{color:inherit;font-size:inherit;line-height:inherit}.elementor-widget-heading .elementor-heading-title.elementor-size-small{font-size:15px}.elementor-widget-heading .elementor-heading-title.elementor-size-medium{font-size:19px}.elementor-widget-heading .elementor-heading-title.elementor-size-large{font-size:29px}.elementor-widget-heading .elementor-heading-title.elementor-size-xl{font-size:39px}.elementor-widget-heading .elementor-heading-title.elementor-size-xxl{font-size:59px}<\/style><h3 class=\"elementor-heading-title elementor-size-default\">Metoda bada\u0144:<\/h3>\t\t<\/div>\n\t\t\t\t<\/div>\n\t\t\t\t<div class=\"elementor-element elementor-element-4cb6adb4 elementor-widget elementor-widget-text-editor\" data-id=\"4cb6adb4\" data-element_type=\"widget\" data-widget_type=\"text-editor.default\">\n\t\t\t\t<div class=\"elementor-widget-container\">\n\t\t\t<style>\/*! elementor - v3.16.0 - 20-09-2023 *\/\n.elementor-widget-text-editor.elementor-drop-cap-view-stacked .elementor-drop-cap{background-color:#69727d;color:#fff}.elementor-widget-text-editor.elementor-drop-cap-view-framed .elementor-drop-cap{color:#69727d;border:3px solid;background-color:transparent}.elementor-widget-text-editor:not(.elementor-drop-cap-view-default) .elementor-drop-cap{margin-top:8px}.elementor-widget-text-editor:not(.elementor-drop-cap-view-default) .elementor-drop-cap-letter{width:1em;height:1em}.elementor-widget-text-editor .elementor-drop-cap{float:left;text-align:center;line-height:1;font-size:50px}.elementor-widget-text-editor .elementor-drop-cap-letter{display:inline-block}<\/style>\t\t\t\t<p>Ultraszybka absorpcja przej\u015bciowa<\/p>\t\t\t\t\t\t<\/div>\n\t\t\t\t<\/div>\n\t\t\t\t<div class=\"elementor-element elementor-element-2df799b6 elementor-widget elementor-widget-heading\" data-id=\"2df799b6\" data-element_type=\"widget\" data-widget_type=\"heading.default\">\n\t\t\t\t<div class=\"elementor-widget-container\">\n\t\t\t<h3 class=\"elementor-heading-title elementor-size-default\">Kontakt:<\/h3>\t\t<\/div>\n\t\t\t\t<\/div>\n\t\t\t\t<div class=\"elementor-element elementor-element-15bf549a elementor-widget elementor-widget-text-editor\" data-id=\"15bf549a\" data-element_type=\"widget\" data-widget_type=\"text-editor.default\">\n\t\t\t\t<div class=\"elementor-widget-container\">\n\t\t\t\t\t\t\t<p>Jacek Kubicki, <a href=\"mailto:mkozak@amu.edu.pl\">jacek.kubicki@amu.edu.pl<\/a><\/p><p>Zak\u0142ad Elektroniki Kwantowej, Wydzia\u0142 Fizyki UAM<\/p>\t\t\t\t\t\t<\/div>\n\t\t\t\t<\/div>\n\t\t\t\t\t<\/div>\n\t\t<\/div>\n\t\t\t\t\t\t\t<\/div>\n\t\t<\/section>\n\t\t<div class=\"elementor-element elementor-element-ec4f661 e-flex e-con-boxed e-con e-parent\" data-id=\"ec4f661\" data-element_type=\"container\" data-settings=\"{&quot;container_type&quot;:&quot;flex&quot;,&quot;content_width&quot;:&quot;boxed&quot;}\" data-core-v316-plus=\"true\">\n\t\t\t\t\t<div class=\"e-con-inner\">\n\t\t<div class=\"elementor-element elementor-element-221eac07 e-con-full e-flex e-con e-parent\" data-id=\"221eac07\" data-element_type=\"container\" data-settings=\"{&quot;content_width&quot;:&quot;full&quot;,&quot;container_type&quot;:&quot;flex&quot;}\" data-core-v316-plus=\"true\">\n\t\t\t\t<div class=\"elementor-element elementor-element-3ae79bcd elementor-widget elementor-widget-heading\" data-id=\"3ae79bcd\" data-element_type=\"widget\" data-widget_type=\"heading.default\">\n\t\t\t\t<div class=\"elementor-widget-container\">\n\t\t\t<h3 class=\"elementor-heading-title elementor-size-default\">Mo\u017cliwo\u015bci badawcze:<\/h3>\t\t<\/div>\n\t\t\t\t<\/div>\n\t\t\t\t<div class=\"elementor-element elementor-element-2e5df551 elementor-widget elementor-widget-text-editor\" data-id=\"2e5df551\" data-element_type=\"widget\" data-widget_type=\"text-editor.default\">\n\t\t\t\t<div class=\"elementor-widget-container\">\n\t\t\t\t\t\t\t<ul><li>Pomiar asymetrii rozk\u0142adu warstw kwazi-2D w materia\u0142ach perowskitowych<\/li><li>Pomiar fotodegradacji materia\u0142\u00f3w perowskitowych wskutek migracji jon\u00f3w<\/li><li>Pomiar widm absoprcji przej\u015bciowej w skali czasu od 100 fs do 3 ns w celu bada\u0144 w\u0142a\u015bciwo\u015bci fotofizycznych i fotochemicznych pr\u00f3bki<\/li><\/ul>\t\t\t\t\t\t<\/div>\n\t\t\t\t<\/div>\n\t\t\t\t<div class=\"elementor-element elementor-element-2ff7772b elementor-widget elementor-widget-heading\" data-id=\"2ff7772b\" data-element_type=\"widget\" data-widget_type=\"heading.default\">\n\t\t\t\t<div class=\"elementor-widget-container\">\n\t\t\t<h3 class=\"elementor-heading-title elementor-size-default\">Wyposa\u017cenie:<\/h3>\t\t<\/div>\n\t\t\t\t<\/div>\n\t\t\t\t<div class=\"elementor-element elementor-element-3f914c37 elementor-widget elementor-widget-text-editor\" data-id=\"3f914c37\" data-element_type=\"widget\" data-widget_type=\"text-editor.default\">\n\t\t\t\t<div class=\"elementor-widget-container\">\n\t\t\t\t\t\t\t<ul><li>Laser femto sekundowy 1 kHz, 100 fs, 800 nm<\/li><li>Generator parametryczny (250 nm \u2013 800 nm)<\/li><li>Helios, spektrometr UV-Vis-NIR (340 \u2013 1500 nm)<\/li><li>Spektrometr mid-IR (1000 cm<sup>-1<\/sup> \u2013 3000 cm<sup>-1<\/sup>)<\/li><li style=\"list-style-type: none;\">\u00a0<\/li><\/ul>\t\t\t\t\t\t<\/div>\n\t\t\t\t<\/div>\n\t\t\t\t<\/div>\n\t\t<div class=\"elementor-element elementor-element-4eef467b e-con-full e-flex e-con e-parent\" data-id=\"4eef467b\" data-element_type=\"container\" data-settings=\"{&quot;content_width&quot;:&quot;full&quot;,&quot;container_type&quot;:&quot;flex&quot;}\" data-core-v316-plus=\"true\">\n\t\t\t\t<div class=\"elementor-element elementor-element-73818c78 elementor-widget elementor-widget-image\" data-id=\"73818c78\" data-element_type=\"widget\" data-widget_type=\"image.default\">\n\t\t\t\t<div class=\"elementor-widget-container\">\n\t\t\t<style>\/*! elementor - v3.16.0 - 20-09-2023 *\/\n.elementor-widget-image{text-align:center}.elementor-widget-image a{display:inline-block}.elementor-widget-image a img[src$=\".svg\"]{width:48px}.elementor-widget-image img{vertical-align:middle;display:inline-block}<\/style>\t\t\t\t\t\t\t\t\t\t\t\t<img decoding=\"async\" loading=\"lazy\" width=\"843\" height=\"547\" src=\"https:\/\/searchwf.web.amu.edu.pl\/wp-content\/uploads\/2023\/06\/Femto-sekundowy_spektrometr_absorpcyjny-1024x664.png\" class=\"attachment-large size-large wp-image-495\" alt=\"\" srcset=\"https:\/\/searchwf.web.amu.edu.pl\/wp-content\/uploads\/2023\/06\/Femto-sekundowy_spektrometr_absorpcyjny-1024x664.png 1024w, https:\/\/searchwf.web.amu.edu.pl\/wp-content\/uploads\/2023\/06\/Femto-sekundowy_spektrometr_absorpcyjny-300x195.png 300w, https:\/\/searchwf.web.amu.edu.pl\/wp-content\/uploads\/2023\/06\/Femto-sekundowy_spektrometr_absorpcyjny-768x498.png 768w, https:\/\/searchwf.web.amu.edu.pl\/wp-content\/uploads\/2023\/06\/Femto-sekundowy_spektrometr_absorpcyjny.png 1119w\" sizes=\"(max-width: 843px) 100vw, 843px\" \/>\t\t\t\t\t\t\t\t\t\t\t\t\t\t\t<\/div>\n\t\t\t\t<\/div>\n\t\t\t\t<\/div>\n\t\t\t\t\t<\/div>\n\t\t\t\t<\/div>\n\t\t\t\t\t\t\t<\/div>\n\t\t","protected":false},"excerpt":{"rendered":"<p>Metoda bada\u0144: Ultraszybka absorpcja przej\u015bciowa Kontakt: Jacek Kubicki, jacek.kubicki@amu.edu.pl Zak\u0142ad Elektroniki Kwantowej, Wydzia\u0142 Fizyki UAM Mo\u017cliwo\u015bci badawcze: Pomiar asymetrii rozk\u0142adu warstw kwazi-2D w materia\u0142ach perowskitowych&hellip;<\/p>\n","protected":false},"author":1,"featured_media":893,"comment_status":"open","ping_status":"open","sticky":false,"template":"","format":"standard","meta":{"footnotes":""},"categories":[34,7],"tags":[63,61,60,58,59,62],"_links":{"self":[{"href":"https:\/\/searchwf.web.amu.edu.pl\/index.php?rest_route=\/wp\/v2\/posts\/491"}],"collection":[{"href":"https:\/\/searchwf.web.amu.edu.pl\/index.php?rest_route=\/wp\/v2\/posts"}],"about":[{"href":"https:\/\/searchwf.web.amu.edu.pl\/index.php?rest_route=\/wp\/v2\/types\/post"}],"author":[{"embeddable":true,"href":"https:\/\/searchwf.web.amu.edu.pl\/index.php?rest_route=\/wp\/v2\/users\/1"}],"replies":[{"embeddable":true,"href":"https:\/\/searchwf.web.amu.edu.pl\/index.php?rest_route=%2Fwp%2Fv2%2Fcomments&post=491"}],"version-history":[{"count":8,"href":"https:\/\/searchwf.web.amu.edu.pl\/index.php?rest_route=\/wp\/v2\/posts\/491\/revisions"}],"predecessor-version":[{"id":1082,"href":"https:\/\/searchwf.web.amu.edu.pl\/index.php?rest_route=\/wp\/v2\/posts\/491\/revisions\/1082"}],"wp:featuredmedia":[{"embeddable":true,"href":"https:\/\/searchwf.web.amu.edu.pl\/index.php?rest_route=\/wp\/v2\/media\/893"}],"wp:attachment":[{"href":"https:\/\/searchwf.web.amu.edu.pl\/index.php?rest_route=%2Fwp%2Fv2%2Fmedia&parent=491"}],"wp:term":[{"taxonomy":"category","embeddable":true,"href":"https:\/\/searchwf.web.amu.edu.pl\/index.php?rest_route=%2Fwp%2Fv2%2Fcategories&post=491"},{"taxonomy":"post_tag","embeddable":true,"href":"https:\/\/searchwf.web.amu.edu.pl\/index.php?rest_route=%2Fwp%2Fv2%2Ftags&post=491"}],"curies":[{"name":"wp","href":"https:\/\/api.w.org\/{rel}","templated":true}]}}